{"id":318,"date":"2020-06-09T08:21:23","date_gmt":"2020-06-09T06:21:23","guid":{"rendered":"https:\/\/se.gate-away.com\/blogs\/se\/?p=318"},"modified":"2021-05-10T12:42:40","modified_gmt":"2021-05-10T10:42:40","slug":"fragor-och-svar-resa-till-italien-under-tiden-for-covid-19","status":"publish","type":"post","link":"https:\/\/se.gate-away.com\/blog\/fragor-och-svar-resa-till-italien-under-tiden-for-covid-19\/","title":{"rendered":"Fr\u00e5gor och svar: Resa till Italien under tiden f\u00f6r Covid-19"},"content":{"rendered":"\n<p>Italiens l\u00e5sning l\u00e4ttar lite efter\u00e5t och den 3 juni 2020 har markerat ett viktigt steg fram\u00e5t. Nu kan m\u00e4nniskor flytta utan begr\u00e4nsningar fr\u00e5n en italiensk region till en annan, men dess nationella gr\u00e4nser \u00e4r nu \u00f6ppna f\u00f6r vissa turister.<\/p>\n\n\n\n<p>H\u00e4r \u00e4r n\u00e5gra av de vanligaste fr\u00e5gorna om att resa till Italien efter att den 3 juni besvarats.<\/p>\n\n\n\n<p>Men notera alltid att \u00e4ven om detta \u00e4r den nuvarande situationen, kan saker och ting f\u00f6r\u00e4ndras beroende p\u00e5 de nya besluten som fattats av regeringarna p\u00e5 grund av smittsniv\u00e5n runt om i v\u00e4rlden.<\/p>\n\n\n\n<h2 class=\"wp-block-heading\">Vem kan resa till Italien?<\/h2>\n\n\n\n<p>Sedan den 3 juni till\u00e5ter Italien dig att komma in i landet utan begr\u00e4nsningar om du kommer fr\u00e5n l\u00e4nderna i EU \/ Schengenomr\u00e5det: \u00d6sterrike, Belgien, Bulgarien, Cypern, Kroatien, Tjeckien, Danmark, Estland, Finland, Frankrike, Tyskland, Grekland, Ungern, Irland, Lettland, Litauen, Luxemburg, Malta, Nederl\u00e4nderna, Polen, Portugal, Rum\u00e4nien, Slovakien, Slovenien, Spanien, Sverige, Island, Liechtenstein, Norge, Schweiz. Men \u00e4ven om du \u00e4r fr\u00e5n Storbritannien och norra Irland, Monaco och Andorra, Vatikanstaten och San Marino.<\/p>\n\n\n\n<p>\u201dDet \u00e4r uppenbart att vi h\u00e4nvisar till den italienska lagen. &#8211; framh\u00e4ver den italienska advokaten Alessandro Clemente som \u00e4r specialiserad p\u00e5 fastighetstransaktioner b\u00e5de f\u00f6r utl\u00e4nningar och f\u00f6retag som \u00e4r villiga att k\u00f6pa fastigheter i Italien. Detta inneb\u00e4r att \u00e4ven om du kommer fr\u00e5n ett av dessa omr\u00e5den och Italien l\u00e5ter dig komma in, \u00e5 andra sidan b\u00f6r du kolla ocks\u00e5 om ditt eget land till\u00e5ter dig att \u00e5ka utomlands och s\u00e4rskilt till Italien. Faktum \u00e4r att inte alla europeiska l\u00e4nder har \u00f6ppnat sina gr\u00e4nser \u00e4nnu. Och \u00e4ven om din nation skulle kunna kr\u00e4va att du karant\u00e4nierar dig sj\u00e4lv eller inte vid \u00e5terkomst.\u201d <\/p>\n\n\n\n<p>&#8221;Till exempel &#8211; forts\u00e4tter han &#8211; Grekland kommer gradvis att \u00f6ppna sina gr\u00e4nser till Italien f\u00f6rst fr\u00e5n 15 juni.&#8221;<\/p>\n\n\n\n<p>De som anl\u00e4nder till Italien beh\u00f6ver inte genomg\u00e5 den 14-dagars sj\u00e4lvkvaranten l\u00e4ngre om de inte har varit i andra l\u00e4nder \u00e4n de som anges ovan under de 14 dagarna f\u00f6re intr\u00e4det i Italien. Till exempel kommer en person som kommer till Italien fr\u00e5n Frankrike den 14 juni att bli f\u00f6rem\u00e5l f\u00f6r f\u00f6rvaltarisolering om han eller hon intr\u00e4ffade Frankrike fr\u00e5n USA den 4 juni, men kommer inte att bli f\u00f6rem\u00e5l f\u00f6r isolering om \u00f6verf\u00f6ringen fr\u00e5n USA till Frankrike skedde plats f\u00f6re 30 maj eller om han eller hon stannade i Tyskland mellan 31 maj och 13 juni.<\/p>\n\n\n\n<p>P\u00e5 samh\u00e4llsniv\u00e5 kommer den obegr\u00e4nsade \u00e5ter\u00f6ppningen inom EU \/ Shengenomr\u00e5det gradvis att \u00e4ga rum fr\u00e5n 15 till 30 juni. Varje land kommer att reglera det oberoende med alla andra l\u00e4nder. S\u00e5, till exempel, \u00e4ven om enligt den italienska lagen, tyskar och schweiziska nu skulle kunna n\u00e5 Italien, vet vi att Tyskland och Schweiz \u00e5 sin sida \u00f6ppnar igen med Italien f\u00f6rst fr\u00e5n det datumet.<\/p>\n\n\n\n<h2 class=\"wp-block-heading\">En g\u00e5ng i Italien, kan jag resa i hela Italien utan begr\u00e4nsningar?<\/h2>\n\n\n\n<p>Ja, du har r\u00f6relsefrihet utan f\u00f6rh\u00e5llanden n\u00e4stan \u00f6verallt fr\u00e5n en italiensk region till en annan. F\u00f6r n\u00e4rvarande finns det bara n\u00e5gra f\u00e5 undantag:<\/p>\n\n\n\n<ul class=\"wp-block-list\"><li>Guvern\u00f6ren i Lazio-regionen, Nicola Zingaretti, har utf\u00e4rdat en begr\u00e4nsningsorder som f\u00f6rbjuder alla personer som har luftv\u00e4gsymtom och feber (temperatur > 37,5 \u00b0 C) att flytta eller komma in i territoriet. Detsamma f\u00f6r Campania.   <\/li><li>Guvern\u00f6ren p\u00e5 Sardinien, Christian Solinas, har undertecknat en order som kr\u00e4ver registrering. \u201dAlla personer som t\u00e4nker g\u00e5 in p\u00e5 flygbolag eller havslinjer som \u00e4r p\u00e5 v\u00e4g till Sardinien, oavsett ursprungsort och endast f\u00f6r att \u00f6vervaka intr\u00e4den i hela regionen, m\u00e5ste registrera sig innan de g\u00e5r ombord med l\u00e4mpligt formul\u00e4r som ska fyllas i och skickas uteslutande p\u00e5 elektronisk v\u00e4g \u201d. Du hittar den p\u00e5 regionens officiella webbplats. Detsamma f\u00f6r Puglia och Calabria.<\/li><\/ul>\n\n\n\n<p>I alla fall m\u00e5ste du alltid respektera sociala distans och sanit\u00e4ra \u00e5tg\u00e4rder. S\u00e5 till exempel, n\u00e4r man i Italien alltid kommer ih\u00e5g att b\u00e4ra ansiktsmask p\u00e5 offentliga platser som butiker, fris\u00f6rer och p\u00e5 all kollektivtrafik, som flygplan, t\u00e5g, bussar eller taxibilar. Eller n\u00e4r du g\u00e5r till restaurangen och n\u00e4r du l\u00e4mnar ditt bord. Reng\u00f6r alltid din hand med de handrensningsmedel som du hittar vid ing\u00e5ngen till varje butik, bank etc. innan du g\u00e5r in.<\/p>\n\n\n\n<p>Vid behov kan ing\u00e5ngen till vissa platser ocks\u00e5 bli f\u00f6rem\u00e5l f\u00f6r temperaturm\u00e4tning. Ett exempel \u00e4r Trenitalia som har meddelat att kroppstemperatur kommer att uppt\u00e4ckas. I m\u00e5nga fall, som f\u00f6r fris\u00f6rer och str\u00e4nder, kr\u00e4vs fortfarande bokningen.<\/p>\n\n\n\n<h2 class=\"wp-block-heading\">T\u00e4nk om du kommer fr\u00e5n ett annat land?<\/h2>\n\n\n\n<p>M\u00e4nniskor som kommer fr\u00e5n alla andra destinationer (i princip extra EU) kan inte f\u00f6rr\u00e4n den 1 juli komma in i Italien. Det \u00e4r d\u00e5 EU kommer att \u00f6ppna sina gr\u00e4nser f\u00f6r l\u00e4nder utanf\u00f6r EU. Men \u00e4ven i detta fall betyder det inte att ditt land till\u00e5ter dig att resa till Italien eller resa utan begr\u00e4nsningar. \u201dTill exempel &#8211; h\u00e4vdar advokat Alessandro Clemente &#8211; Sydafrika, som fortfarande \u00e4r p\u00e5 lokalt resel\u00e5s, planerar att \u00f6ppna bara inhemska bara n\u00e5gon tid under n\u00e4sta m\u00e5nad i juli. \u00d6ver 65 \u00e5r \u00e4r personer f\u00f6rbjudna fr\u00e5n flygplan tills vidare.\u201d<\/p>\n\n\n\n<p>I alla fall kan du alltid n\u00e5 Italien av bepr\u00f6vade arbetskrav, absolut br\u00e5dskande eller h\u00e4lsosk\u00e4l.<\/p>\n\n\n\n<h2 class=\"wp-block-heading\">Vad h\u00e4nder om jag g\u00e5r genom andra europeiska l\u00e4nder f\u00f6r att n\u00e5 Italien?<\/h2>\n\n\n\n<p> \u201dN\u00e4r du k\u00f6r genom andra l\u00e4nder p\u00e5 din resa till Italien kan tj\u00e4nstem\u00e4n be dig om transiteringsdokument under gr\u00e4nskontrollen &#8211; s\u00e4ger advokat Alessandro Clemente &#8211; som i princip kan best\u00e5 i en sj\u00e4lvdeklarationsform f\u00f6r resor. Men jag rekommenderar att du tittar p\u00e5 de officiella webbplatserna f\u00f6r h\u00e4lsoministeriet och \/ eller webbplatsen f\u00f6r utrikesministeriet f\u00f6r detaljerad information om landet \/ l\u00e4nderna du ska korsa.\u201d<\/p>\n","protected":false},"excerpt":{"rendered":"<p>Italiens l\u00e5sning l\u00e4ttar lite efter\u00e5t och den 3 juni 2020 har markerat ett viktigt steg fram\u00e5t. &hellip; <a class=\"card__read-more\" href=\"https:\/\/se.gate-away.com\/blog\/fragor-och-svar-resa-till-italien-under-tiden-for-covid-19\/\">L\u00e4s mer <span class=\"icon\"><br \/>\n    <svg aria-hidden=\"true\" focusable=\"false\">\n        <use xlink:href=\"https:\/\/se.gate-away.com\/blog\/wp-content\/themes\/gateaway\/dist\/icons\/icons.svg#assets--src--icons--arrow-right\"><\/use>\n    <\/svg><br \/>\n<\/span><br \/>\n<\/a><\/p>\n","protected":false},"author":1,"featured_media":319,"comment_status":"closed","ping_status":"closed","sticky":false,"template":"","format":"standard","meta":{"_acf_changed":false,"footnotes":""},"categories":[55,24],"tags":[36],"class_list":["post-318","post","type-post","status-publish","format-standard","has-post-thumbnail","hentry","category-fastigheter-i-italien","category-tips-och-rad","tag-coronavirus"],"acf":[],"yoast_head":"<!-- This site is optimized with the Yoast SEO plugin v27.5 - https:\/\/yoast.com\/product\/yoast-seo-wordpress\/ -->\n<title>Fr\u00e5gor och svar: Resa till Italien under tiden f\u00f6r Covid-19<\/title>\n<meta name=\"description\" content=\"H\u00e4r \u00e4r svaren p\u00e5 n\u00e5gra av de vanligaste fr\u00e5gorna om att resa till Italien efter 3 juni 2020.\" \/>\n<meta name=\"robots\" content=\"index, follow, max-snippet:-1, max-image-preview:large, max-video-preview:-1\" \/>\n<link rel=\"canonical\" href=\"https:\/\/se.gate-away.com\/blog\/fragor-och-svar-resa-till-italien-under-tiden-for-covid-19\/\" \/>\n<meta property=\"og:locale\" content=\"sv_SE\" \/>\n<meta property=\"og:type\" content=\"article\" \/>\n<meta property=\"og:title\" content=\"Fr\u00e5gor och svar: Resa till Italien under tiden f\u00f6r Covid-19\" \/>\n<meta property=\"og:description\" content=\"H\u00e4r \u00e4r svaren p\u00e5 n\u00e5gra av de vanligaste fr\u00e5gorna om att resa till Italien efter 3 juni 2020.\" \/>\n<meta property=\"og:url\" content=\"https:\/\/se.gate-away.com\/blog\/fragor-och-svar-resa-till-italien-under-tiden-for-covid-19\/\" \/>\n<meta property=\"og:site_name\" content=\"Gate-away.com blogg\" \/>\n<meta property=\"article:publisher\" content=\"https:\/\/www.facebook.com\/GateAway\/\" \/>\n<meta property=\"article:published_time\" content=\"2020-06-09T06:21:23+00:00\" \/>\n<meta property=\"article:modified_time\" content=\"2021-05-10T10:42:40+00:00\" \/>\n<meta property=\"og:image\" content=\"https:\/\/se.gate-away.com\/blog\/wp-content\/uploads\/sites\/10\/2020\/06\/liguria.jpg\" \/>\n\t<meta property=\"og:image:width\" content=\"1024\" \/>\n\t<meta property=\"og:image:height\" content=\"511\" \/>\n\t<meta property=\"og:image:type\" content=\"image\/jpeg\" \/>\n<meta name=\"author\" content=\"Gate-away.com\" \/>\n<meta name=\"twitter:label1\" content=\"Skriven av\" \/>\n\t<meta name=\"twitter:data1\" content=\"Gate-away.com\" \/>\n\t<meta name=\"twitter:label2\" content=\"Ber\u00e4knad l\u00e4stid\" \/>\n\t<meta name=\"twitter:data2\" content=\"4 minuter\" \/>\n<script type=\"application\/ld+json\" class=\"yoast-schema-graph\">{\"@context\":\"https:\\\/\\\/schema.org\",\"@graph\":[{\"@type\":\"Article\",\"@id\":\"https:\\\/\\\/se.gate-away.com\\\/blog\\\/fragor-och-svar-resa-till-italien-under-tiden-for-covid-19\\\/#article\",\"isPartOf\":{\"@id\":\"https:\\\/\\\/se.gate-away.com\\\/blog\\\/fragor-och-svar-resa-till-italien-under-tiden-for-covid-19\\\/\"},\"author\":{\"name\":\"Gate-away.com\",\"@id\":\"https:\\\/\\\/se.gate-away.com\\\/blog\\\/#\\\/schema\\\/person\\\/14bba12154a6fd37c4983aea3aacc445\"},\"headline\":\"Fr\u00e5gor och svar: Resa till Italien under tiden f\u00f6r Covid-19\",\"datePublished\":\"2020-06-09T06:21:23+00:00\",\"dateModified\":\"2021-05-10T10:42:40+00:00\",\"mainEntityOfPage\":{\"@id\":\"https:\\\/\\\/se.gate-away.com\\\/blog\\\/fragor-och-svar-resa-till-italien-under-tiden-for-covid-19\\\/\"},\"wordCount\":1044,\"image\":{\"@id\":\"https:\\\/\\\/se.gate-away.com\\\/blog\\\/fragor-och-svar-resa-till-italien-under-tiden-for-covid-19\\\/#primaryimage\"},\"thumbnailUrl\":\"https:\\\/\\\/se.gate-away.com\\\/blog\\\/wp-content\\\/uploads\\\/sites\\\/10\\\/2020\\\/06\\\/liguria.jpg\",\"keywords\":[\"Coronavirus\"],\"articleSection\":[\"Fastigheter i Italien\",\"Tips och r\u00e5d\"],\"inLanguage\":\"sv-SE\"},{\"@type\":\"WebPage\",\"@id\":\"https:\\\/\\\/se.gate-away.com\\\/blog\\\/fragor-och-svar-resa-till-italien-under-tiden-for-covid-19\\\/\",\"url\":\"https:\\\/\\\/se.gate-away.com\\\/blog\\\/fragor-och-svar-resa-till-italien-under-tiden-for-covid-19\\\/\",\"name\":\"Fr\u00e5gor och svar: Resa till Italien under tiden f\u00f6r Covid-19\",\"isPartOf\":{\"@id\":\"https:\\\/\\\/se.gate-away.com\\\/blog\\\/#website\"},\"primaryImageOfPage\":{\"@id\":\"https:\\\/\\\/se.gate-away.com\\\/blog\\\/fragor-och-svar-resa-till-italien-under-tiden-for-covid-19\\\/#primaryimage\"},\"image\":{\"@id\":\"https:\\\/\\\/se.gate-away.com\\\/blog\\\/fragor-och-svar-resa-till-italien-under-tiden-for-covid-19\\\/#primaryimage\"},\"thumbnailUrl\":\"https:\\\/\\\/se.gate-away.com\\\/blog\\\/wp-content\\\/uploads\\\/sites\\\/10\\\/2020\\\/06\\\/liguria.jpg\",\"datePublished\":\"2020-06-09T06:21:23+00:00\",\"dateModified\":\"2021-05-10T10:42:40+00:00\",\"author\":{\"@id\":\"https:\\\/\\\/se.gate-away.com\\\/blog\\\/#\\\/schema\\\/person\\\/14bba12154a6fd37c4983aea3aacc445\"},\"description\":\"H\u00e4r \u00e4r svaren p\u00e5 n\u00e5gra av de vanligaste fr\u00e5gorna om att resa till Italien efter 3 juni 2020.\",\"breadcrumb\":{\"@id\":\"https:\\\/\\\/se.gate-away.com\\\/blog\\\/fragor-och-svar-resa-till-italien-under-tiden-for-covid-19\\\/#breadcrumb\"},\"inLanguage\":\"sv-SE\",\"potentialAction\":[{\"@type\":\"ReadAction\",\"target\":[\"https:\\\/\\\/se.gate-away.com\\\/blog\\\/fragor-och-svar-resa-till-italien-under-tiden-for-covid-19\\\/\"]}]},{\"@type\":\"ImageObject\",\"inLanguage\":\"sv-SE\",\"@id\":\"https:\\\/\\\/se.gate-away.com\\\/blog\\\/fragor-och-svar-resa-till-italien-under-tiden-for-covid-19\\\/#primaryimage\",\"url\":\"https:\\\/\\\/se.gate-away.com\\\/blog\\\/wp-content\\\/uploads\\\/sites\\\/10\\\/2020\\\/06\\\/liguria.jpg\",\"contentUrl\":\"https:\\\/\\\/se.gate-away.com\\\/blog\\\/wp-content\\\/uploads\\\/sites\\\/10\\\/2020\\\/06\\\/liguria.jpg\",\"width\":1024,\"height\":511,\"caption\":\"Resa till Italien under tiden f\u00f6r Covid-19\"},{\"@type\":\"BreadcrumbList\",\"@id\":\"https:\\\/\\\/se.gate-away.com\\\/blog\\\/fragor-och-svar-resa-till-italien-under-tiden-for-covid-19\\\/#breadcrumb\",\"itemListElement\":[{\"@type\":\"ListItem\",\"position\":1,\"name\":\"Hem\",\"item\":\"https:\\\/\\\/se.gate-away.com\\\/blog\\\/\"},{\"@type\":\"ListItem\",\"position\":2,\"name\":\"Fr\u00e5gor och svar: Resa till Italien under tiden f\u00f6r Covid-19\"}]},{\"@type\":\"WebSite\",\"@id\":\"https:\\\/\\\/se.gate-away.com\\\/blog\\\/#website\",\"url\":\"https:\\\/\\\/se.gate-away.com\\\/blog\\\/\",\"name\":\"Gate-away.com blogg\",\"description\":\"Den italienska fastighetsbloggen\",\"potentialAction\":[{\"@type\":\"SearchAction\",\"target\":{\"@type\":\"EntryPoint\",\"urlTemplate\":\"https:\\\/\\\/se.gate-away.com\\\/blog\\\/?s={search_term_string}\"},\"query-input\":{\"@type\":\"PropertyValueSpecification\",\"valueRequired\":true,\"valueName\":\"search_term_string\"}}],\"inLanguage\":\"sv-SE\"},{\"@type\":\"Person\",\"@id\":\"https:\\\/\\\/se.gate-away.com\\\/blog\\\/#\\\/schema\\\/person\\\/14bba12154a6fd37c4983aea3aacc445\",\"name\":\"Gate-away.com\",\"image\":{\"@type\":\"ImageObject\",\"inLanguage\":\"sv-SE\",\"@id\":\"https:\\\/\\\/www.gate-away.com\\\/blog\\\/wp-content\\\/uploads\\\/2026\\\/03\\\/gate-away-250x250-1-96x96.png\",\"url\":\"https:\\\/\\\/www.gate-away.com\\\/blog\\\/wp-content\\\/uploads\\\/2026\\\/03\\\/gate-away-250x250-1-96x96.png\",\"contentUrl\":\"https:\\\/\\\/www.gate-away.com\\\/blog\\\/wp-content\\\/uploads\\\/2026\\\/03\\\/gate-away-250x250-1-96x96.png\",\"caption\":\"Gate-away.com\"},\"description\":\"The Gate-away.com family created this blog to post about our inspirations, work, useful resources and news about Italy and its property market that we hope you find useful during the search of your dream home in the bel paese.\",\"url\":\"https:\\\/\\\/se.gate-away.com\\\/blog\\\/author\\\/gate-away\\\/\"}]}<\/script>\n<!-- \/ Yoast SEO plugin. -->","yoast_head_json":{"title":"Fr\u00e5gor och svar: Resa till Italien under tiden f\u00f6r Covid-19","description":"H\u00e4r \u00e4r svaren p\u00e5 n\u00e5gra av de vanligaste fr\u00e5gorna om att resa till Italien efter 3 juni 2020.","robots":{"index":"index","follow":"follow","max-snippet":"max-snippet:-1","max-image-preview":"max-image-preview:large","max-video-preview":"max-video-preview:-1"},"canonical":"https:\/\/se.gate-away.com\/blog\/fragor-och-svar-resa-till-italien-under-tiden-for-covid-19\/","og_locale":"sv_SE","og_type":"article","og_title":"Fr\u00e5gor och svar: Resa till Italien under tiden f\u00f6r Covid-19","og_description":"H\u00e4r \u00e4r svaren p\u00e5 n\u00e5gra av de vanligaste fr\u00e5gorna om att resa till Italien efter 3 juni 2020.","og_url":"https:\/\/se.gate-away.com\/blog\/fragor-och-svar-resa-till-italien-under-tiden-for-covid-19\/","og_site_name":"Gate-away.com blogg","article_publisher":"https:\/\/www.facebook.com\/GateAway\/","article_published_time":"2020-06-09T06:21:23+00:00","article_modified_time":"2021-05-10T10:42:40+00:00","og_image":[{"width":1024,"height":511,"url":"https:\/\/se.gate-away.com\/blog\/wp-content\/uploads\/sites\/10\/2020\/06\/liguria.jpg","type":"image\/jpeg"}],"author":"Gate-away.com","twitter_misc":{"Skriven av":"Gate-away.com","Ber\u00e4knad l\u00e4stid":"4 minuter"},"schema":{"@context":"https:\/\/schema.org","@graph":[{"@type":"Article","@id":"https:\/\/se.gate-away.com\/blog\/fragor-och-svar-resa-till-italien-under-tiden-for-covid-19\/#article","isPartOf":{"@id":"https:\/\/se.gate-away.com\/blog\/fragor-och-svar-resa-till-italien-under-tiden-for-covid-19\/"},"author":{"name":"Gate-away.com","@id":"https:\/\/se.gate-away.com\/blog\/#\/schema\/person\/14bba12154a6fd37c4983aea3aacc445"},"headline":"Fr\u00e5gor och svar: Resa till Italien under tiden f\u00f6r Covid-19","datePublished":"2020-06-09T06:21:23+00:00","dateModified":"2021-05-10T10:42:40+00:00","mainEntityOfPage":{"@id":"https:\/\/se.gate-away.com\/blog\/fragor-och-svar-resa-till-italien-under-tiden-for-covid-19\/"},"wordCount":1044,"image":{"@id":"https:\/\/se.gate-away.com\/blog\/fragor-och-svar-resa-till-italien-under-tiden-for-covid-19\/#primaryimage"},"thumbnailUrl":"https:\/\/se.gate-away.com\/blog\/wp-content\/uploads\/sites\/10\/2020\/06\/liguria.jpg","keywords":["Coronavirus"],"articleSection":["Fastigheter i Italien","Tips och r\u00e5d"],"inLanguage":"sv-SE"},{"@type":"WebPage","@id":"https:\/\/se.gate-away.com\/blog\/fragor-och-svar-resa-till-italien-under-tiden-for-covid-19\/","url":"https:\/\/se.gate-away.com\/blog\/fragor-och-svar-resa-till-italien-under-tiden-for-covid-19\/","name":"Fr\u00e5gor och svar: Resa till Italien under tiden f\u00f6r Covid-19","isPartOf":{"@id":"https:\/\/se.gate-away.com\/blog\/#website"},"primaryImageOfPage":{"@id":"https:\/\/se.gate-away.com\/blog\/fragor-och-svar-resa-till-italien-under-tiden-for-covid-19\/#primaryimage"},"image":{"@id":"https:\/\/se.gate-away.com\/blog\/fragor-och-svar-resa-till-italien-under-tiden-for-covid-19\/#primaryimage"},"thumbnailUrl":"https:\/\/se.gate-away.com\/blog\/wp-content\/uploads\/sites\/10\/2020\/06\/liguria.jpg","datePublished":"2020-06-09T06:21:23+00:00","dateModified":"2021-05-10T10:42:40+00:00","author":{"@id":"https:\/\/se.gate-away.com\/blog\/#\/schema\/person\/14bba12154a6fd37c4983aea3aacc445"},"description":"H\u00e4r \u00e4r svaren p\u00e5 n\u00e5gra av de vanligaste fr\u00e5gorna om att resa till Italien efter 3 juni 2020.","breadcrumb":{"@id":"https:\/\/se.gate-away.com\/blog\/fragor-och-svar-resa-till-italien-under-tiden-for-covid-19\/#breadcrumb"},"inLanguage":"sv-SE","potentialAction":[{"@type":"ReadAction","target":["https:\/\/se.gate-away.com\/blog\/fragor-och-svar-resa-till-italien-under-tiden-for-covid-19\/"]}]},{"@type":"ImageObject","inLanguage":"sv-SE","@id":"https:\/\/se.gate-away.com\/blog\/fragor-och-svar-resa-till-italien-under-tiden-for-covid-19\/#primaryimage","url":"https:\/\/se.gate-away.com\/blog\/wp-content\/uploads\/sites\/10\/2020\/06\/liguria.jpg","contentUrl":"https:\/\/se.gate-away.com\/blog\/wp-content\/uploads\/sites\/10\/2020\/06\/liguria.jpg","width":1024,"height":511,"caption":"Resa till Italien under tiden f\u00f6r Covid-19"},{"@type":"BreadcrumbList","@id":"https:\/\/se.gate-away.com\/blog\/fragor-och-svar-resa-till-italien-under-tiden-for-covid-19\/#breadcrumb","itemListElement":[{"@type":"ListItem","position":1,"name":"Hem","item":"https:\/\/se.gate-away.com\/blog\/"},{"@type":"ListItem","position":2,"name":"Fr\u00e5gor och svar: Resa till Italien under tiden f\u00f6r Covid-19"}]},{"@type":"WebSite","@id":"https:\/\/se.gate-away.com\/blog\/#website","url":"https:\/\/se.gate-away.com\/blog\/","name":"Gate-away.com blogg","description":"Den italienska fastighetsbloggen","potentialAction":[{"@type":"SearchAction","target":{"@type":"EntryPoint","urlTemplate":"https:\/\/se.gate-away.com\/blog\/?s={search_term_string}"},"query-input":{"@type":"PropertyValueSpecification","valueRequired":true,"valueName":"search_term_string"}}],"inLanguage":"sv-SE"},{"@type":"Person","@id":"https:\/\/se.gate-away.com\/blog\/#\/schema\/person\/14bba12154a6fd37c4983aea3aacc445","name":"Gate-away.com","image":{"@type":"ImageObject","inLanguage":"sv-SE","@id":"https:\/\/www.gate-away.com\/blog\/wp-content\/uploads\/2026\/03\/gate-away-250x250-1-96x96.png","url":"https:\/\/www.gate-away.com\/blog\/wp-content\/uploads\/2026\/03\/gate-away-250x250-1-96x96.png","contentUrl":"https:\/\/www.gate-away.com\/blog\/wp-content\/uploads\/2026\/03\/gate-away-250x250-1-96x96.png","caption":"Gate-away.com"},"description":"The Gate-away.com family created this blog to post about our inspirations, work, useful resources and news about Italy and its property market that we hope you find useful during the search of your dream home in the bel paese.","url":"https:\/\/se.gate-away.com\/blog\/author\/gate-away\/"}]}},"_links":{"self":[{"href":"https:\/\/se.gate-away.com\/blog\/wp-json\/wp\/v2\/posts\/318","targetHints":{"allow":["GET"]}}],"collection":[{"href":"https:\/\/se.gate-away.com\/blog\/wp-json\/wp\/v2\/posts"}],"about":[{"href":"https:\/\/se.gate-away.com\/blog\/wp-json\/wp\/v2\/types\/post"}],"author":[{"embeddable":true,"href":"https:\/\/se.gate-away.com\/blog\/wp-json\/wp\/v2\/users\/1"}],"replies":[{"embeddable":true,"href":"https:\/\/se.gate-away.com\/blog\/wp-json\/wp\/v2\/comments?post=318"}],"version-history":[{"count":2,"href":"https:\/\/se.gate-away.com\/blog\/wp-json\/wp\/v2\/posts\/318\/revisions"}],"predecessor-version":[{"id":803,"href":"https:\/\/se.gate-away.com\/blog\/wp-json\/wp\/v2\/posts\/318\/revisions\/803"}],"wp:featuredmedia":[{"embeddable":true,"href":"https:\/\/se.gate-away.com\/blog\/wp-json\/wp\/v2\/media\/319"}],"wp:attachment":[{"href":"https:\/\/se.gate-away.com\/blog\/wp-json\/wp\/v2\/media?parent=318"}],"wp:term":[{"taxonomy":"category","embeddable":true,"href":"https:\/\/se.gate-away.com\/blog\/wp-json\/wp\/v2\/categories?post=318"},{"taxonomy":"post_tag","embeddable":true,"href":"https:\/\/se.gate-away.com\/blog\/wp-json\/wp\/v2\/tags?post=318"}],"curies":[{"name":"wp","href":"https:\/\/api.w.org\/{rel}","templated":true}]}}